{"id":9577,"date":"2025-10-20T18:10:38","date_gmt":"2025-10-20T22:10:38","guid":{"rendered":"https:\/\/avech.org\/?p=9577"},"modified":"2025-10-20T18:19:57","modified_gmt":"2025-10-20T22:19:57","slug":"xxv-semana-cultural-de-china-en-merida-2025","status":"publish","type":"post","link":"https:\/\/avech.org\/en\/xxv-semana-cultural-de-china-en-merida-2025\/","title":{"rendered":"XXV Semana Cultural de China en M\u00e9rida 2025"},"content":{"rendered":"<div class=\"fusion-fullwidth fullwidth-box fusion-builder-row-1 fusion-flex-container nonhundred-percent-fullwidth non-hundred-percent-height-scrolling\" style=\"--awb-background-position:left top;--awb-border-sizes-top:0px;--awb-border-sizes-bottom:0px;--awb-border-sizes-left:0px;--awb-border-sizes-right:0px;--awb-border-radius-top-left:0px;--awb-border-radius-top-right:0px;--awb-border-radius-bottom-right:0px;--awb-border-radius-bottom-left:0px;--awb-padding-bottom:80px;--awb-padding-right-medium:60px;--awb-padding-left-medium:60px;--awb-flex-wrap:wrap;\" ><div class=\"fusion-builder-row fusion-row fusion-flex-align-items-flex-start fusion-flex-content-wrap\" style=\"max-width:1331.2px;margin-left: calc(-4% \/ 2 );margin-right: calc(-4% \/ 2 );\"><div class=\"fusion-layout-column fusion_builder_column fusion-builder-column-0 fusion_builder_column_1_1 1_1 fusion-flex-column\" style=\"--awb-bg-size:cover;--awb-width-large:100%;--awb-margin-top-large:0px;--awb-spacing-right-large:3.84%;--awb-margin-bottom-large:40px;--awb-spacing-left-large:1.92%;--awb-width-medium:100%;--awb-spacing-right-medium:1.92%;--awb-spacing-left-medium:1.92%;--awb-width-small:100%;--awb-spacing-right-small:1.92%;--awb-spacing-left-small:1.92%;\"><div class=\"fusion-column-wrapper fusion-flex-justify-content-flex-start fusion-content-layout-column\"><div class=\"fusion-text fusion-text-1\" style=\"--awb-content-alignment:justify;\"><p>M\u00e9rida, octubre de 2025 \u2013 Del 27 al 31 de octubre se llevar\u00e1 a cabo la XXV Semana Cultural de China en M\u00e9rida, una iniciativa que celebra el intercambio cultural, acad\u00e9mico y comercial entre Venezuela y la Rep\u00fablica Popular China. El evento, organizado por la Embajada de la Rep\u00fablica Popular China en Venezuela, FUNDECEM, la Universidad de Los Andes, el Centro de Estudios de \u00c1frica y Asia (CEAAULA), la Asociaci\u00f3n Venezolana de Estudios sobre China (AVECH), ALADAA Venezuela y el Centro Club Social Chino del Estado M\u00e9rida, junto a un nutrido grupo de instituciones p\u00fablicas y privadas, ofrece una programaci\u00f3n diversa y gratuita en m\u00faltiples espacios de la ciudad.<\/p>\n<p>La inauguraci\u00f3n tendr\u00e1 lugar el lunes 27 a las 4:00 p.m. en la Casa Bosset, con un concierto de la Orquesta T\u00edpica Meride\u00f1a y la exposici\u00f3n fotogr\u00e1fica \u201cLife of the people\u201d, o \u201cVida de las personas\u201d. A lo largo de la semana se desarrollar\u00e1n actividades acad\u00e9micas, talleres, cine, demostraciones deportivas y encuentros culturales.<\/p>\n<p>Entre los eventos destacados se encuentra el foro \u201cChina en la era de Xi Jinping\u201d (pautado para el mi\u00e9rcoles 29), con la participaci\u00f3n de reconocidos investigadores del CEAA-AVECH-ULA. Asimismo, el martes 28 se realizar\u00e1 una conferencia sobre becas en universidades chinas, dictada por el Honorable Se\u00f1or ZHOU Haiping, Agregado Cultural y Educativo de la Embajada de China en Venezuela.<\/p>\n<p>El cine chino contempor\u00e1neo tendr\u00e1 presencia con la proyecci\u00f3n de \u201cCliff Walkers\u201d (Caminantes del Acantilado), dirigida por Zhang Yimou (2021), y \u201cViaje al Sur\u201d (2024), ambas en el Teatro C\u00e9sar Rengifo. En el \u00e1mbito comercial, el jueves 30 se ofrecer\u00e1 el taller \u201c\u00bfC\u00f3mo hacer negocios con China?\u201d, mientras que el viernes 31 se abordar\u00e1 la medicina tradicional china con la conferencia \u201cLa ansiedad en la Medicina Tradicional China\u201d, en los espacios de la Casa de los Antiguos Gobernadores.<\/p>\n<p>La XXV edici\u00f3n de la Semana Cultural de China en M\u00e9rida tambi\u00e9n incluye talleres de idioma y cultura china, literatura infantil, demostraciones de Tai Chi y artes marciales y un partido amistoso de baloncesto entre la comunidad china de M\u00e9rida y estudiantes de la Universidad de Los Andes.<\/p>\n<p>Este evento reafirma el compromiso de M\u00e9rida con el di\u00e1logo intercultural y la cooperaci\u00f3n acad\u00e9mica internacional, consolidando su papel como puente entre Am\u00e9rica Latina y Asia.<\/p>\n<p>Visita nuestras redes sociales: <a href=\"https:\/\/www.instagram.com\/avech.ceaa.ula\/?hl=es-la\" target=\"_blank\" rel=\"noopener\">@avech.ceaa.ula<\/a> en Instagram, <a href=\"https:\/\/x.com\/AVECH_CEAA_ULA\">@AVECH_CEAA_ULA<\/a> en X, <a href=\"https:\/\/www.facebook.com\/AVECH.CEAA.ULA\/\" target=\"_blank\" rel=\"noopener\">Facebook<\/a> y <a href=\"https:\/\/www.linkedin.com\/company\/avech\/\" target=\"_blank\" rel=\"noopener\">LinkedIn<\/a>\u00a0para m\u00e1s informaci\u00f3n.<\/p>\n<p><img decoding=\"async\" class=\"lazyload  wp-image-9578 aligncenter\" src=\"https:\/\/avech.org\/wp-content\/uploads\/2025\/10\/1-Programa-XXV-Semana-Cultural-de-China-en-Merida-2025-240x300.png\" data-orig-src=\"https:\/\/avech.org\/wp-content\/uploads\/2025\/10\/1-Programa-XXV-Semana-Cultural-de-China-en-Merida-2025-240x300.png\" alt=\"\" width=\"333\" height=\"416\" srcset=\"data:image\/svg+xml,%3Csvg%20xmlns%3D%27http%3A%2F%2Fwww.w3.org%2F2000%2Fsvg%27%20width%3D%27333%27%20height%3D%27416%27%20viewBox%3D%270%200%20333%20416%27%3E%3Crect%20width%3D%27333%27%20height%3D%27416%27%20fill-opacity%3D%220%22%2F%3E%3C%2Fsvg%3E\" data-srcset=\"https:\/\/avech.org\/wp-content\/uploads\/2025\/10\/1-Programa-XXV-Semana-Cultural-de-China-en-Merida-2025-66x83.png 66w, https:\/\/avech.org\/wp-content\/uploads\/2025\/10\/1-Programa-XXV-Semana-Cultural-de-China-en-Merida-2025-177x221.png 177w, https:\/\/avech.org\/wp-content\/uploads\/2025\/10\/1-Programa-XXV-Semana-Cultural-de-China-en-Merida-2025-200x250.png 200w, https:\/\/avech.org\/wp-content\/uploads\/2025\/10\/1-Programa-XXV-Semana-Cultural-de-China-en-Merida-2025-240x300.png 240w, https:\/\/avech.org\/wp-content\/uploads\/2025\/10\/1-Programa-XXV-Semana-Cultural-de-China-en-Merida-2025-300x375.png 300w, https:\/\/avech.org\/wp-content\/uploads\/2025\/10\/1-Programa-XXV-Semana-Cultural-de-China-en-Merida-2025-320x400.png 320w, https:\/\/avech.org\/wp-content\/uploads\/2025\/10\/1-Programa-XXV-Semana-Cultural-de-China-en-Merida-2025-400x500.png 400w, https:\/\/avech.org\/wp-content\/uploads\/2025\/10\/1-Programa-XXV-Semana-Cultural-de-China-en-Merida-2025-460x575.png 460w, https:\/\/avech.org\/wp-content\/uploads\/2025\/10\/1-Programa-XXV-Semana-Cultural-de-China-en-Merida-2025-540x675.png 540w, https:\/\/avech.org\/wp-content\/uploads\/2025\/10\/1-Programa-XXV-Semana-Cultural-de-China-en-Merida-2025-600x750.png 600w, https:\/\/avech.org\/wp-content\/uploads\/2025\/10\/1-Programa-XXV-Semana-Cultural-de-China-en-Merida-2025-669x836.png 669w, https:\/\/avech.org\/wp-content\/uploads\/2025\/10\/1-Programa-XXV-Semana-Cultural-de-China-en-Merida-2025-700x875.png 700w, https:\/\/avech.org\/wp-content\/uploads\/2025\/10\/1-Programa-XXV-Semana-Cultural-de-China-en-Merida-2025-768x960.png 768w, https:\/\/avech.org\/wp-content\/uploads\/2025\/10\/1-Programa-XXV-Semana-Cultural-de-China-en-Merida-2025-800x1000.png 800w, https:\/\/avech.org\/wp-content\/uploads\/2025\/10\/1-Programa-XXV-Semana-Cultural-de-China-en-Merida-2025-819x1024.png 819w, https:\/\/avech.org\/wp-content\/uploads\/2025\/10\/1-Programa-XXV-Semana-Cultural-de-China-en-Merida-2025-940x1175.png 940w, https:\/\/avech.org\/wp-content\/uploads\/2025\/10\/1-Programa-XXV-Semana-Cultural-de-China-en-Merida-2025.png 1080w\" data-sizes=\"auto\" data-orig-sizes=\"(max-width: 333px) 100vw, 333px\" \/><\/p>\n<p>Accede al programa completo en Google Drive:<\/p>\n<\/div><div class=\"fusion-separator fusion-full-width-sep\" style=\"align-self: center;margin-left: auto;margin-right: auto;margin-top:5px;width:100%;\"><\/div><div style=\"text-align:center;\"><a class=\"fusion-button button-flat button-medium button-default fusion-button-default button-1 fusion-button-span-no fusion-button-default-type\" target=\"_blank\" rel=\"noopener noreferrer\" href=\"https:\/\/drive.google.com\/file\/d\/1k1kU2AU-TTc9QSdOdrShDI4PFm8t8GHj\/view?usp=sharing\"><i class=\"fa-cloud-download fas awb-button__icon awb-button__icon--default button-icon-left\" aria-hidden=\"true\"><\/i><span class=\"fusion-button-text awb-button__text awb-button__text--default\">Descargar Programa XXV Semana Cultural de China en M\u00e9rida<\/span><\/a><\/div><\/div><\/div><\/div><\/div>","protected":false},"excerpt":{"rendered":"","protected":false},"author":6,"featured_media":9582,"comment_status":"open","ping_status":"closed","sticky":false,"template":"","format":"standard","meta":{"footnotes":""},"categories":[61,38],"tags":[444,443,105,442],"class_list":["post-9577","post","type-post","status-publish","format-standard","has-post-thumbnail","hentry","category-avech","category-noticias","tag-merida-venezuela","tag-semana-cultural-de-china","tag-universidad-de-los-andes-ula","tag-xxv-semana-cultural-de-china-en-merida"],"_links":{"self":[{"href":"https:\/\/avech.org\/en\/wp-json\/wp\/v2\/posts\/9577","targetHints":{"allow":["GET"]}}],"collection":[{"href":"https:\/\/avech.org\/en\/wp-json\/wp\/v2\/posts"}],"about":[{"href":"https:\/\/avech.org\/en\/wp-json\/wp\/v2\/types\/post"}],"author":[{"embeddable":true,"href":"https:\/\/avech.org\/en\/wp-json\/wp\/v2\/users\/6"}],"replies":[{"embeddable":true,"href":"https:\/\/avech.org\/en\/wp-json\/wp\/v2\/comments?post=9577"}],"version-history":[{"count":5,"href":"https:\/\/avech.org\/en\/wp-json\/wp\/v2\/posts\/9577\/revisions"}],"predecessor-version":[{"id":9585,"href":"https:\/\/avech.org\/en\/wp-json\/wp\/v2\/posts\/9577\/revisions\/9585"}],"wp:featuredmedia":[{"embeddable":true,"href":"https:\/\/avech.org\/en\/wp-json\/wp\/v2\/media\/9582"}],"wp:attachment":[{"href":"https:\/\/avech.org\/en\/wp-json\/wp\/v2\/media?parent=9577"}],"wp:term":[{"taxonomy":"category","embeddable":true,"href":"https:\/\/avech.org\/en\/wp-json\/wp\/v2\/categories?post=9577"},{"taxonomy":"post_tag","embeddable":true,"href":"https:\/\/avech.org\/en\/wp-json\/wp\/v2\/tags?post=9577"}],"curies":[{"name":"wp","href":"https:\/\/api.w.org\/{rel}","templated":true}]}}